{"id":143,"date":"2010-01-05T00:00:00","date_gmt":"2010-01-04T23:00:00","guid":{"rendered":"http:\/\/e-paf.local\/news\/2010\/01\/05\/guenstig-parken-am-flughafen-stuttgart-wer-im-voraus-reserviert-spart\/"},"modified":"2010-01-05T00:00:00","modified_gmt":"2010-01-04T23:00:00","slug":"guenstig-parken-am-flughafen-stuttgart-wer-im-voraus-reserviert-spart","status":"publish","type":"post","link":"https:\/\/www.einfach-parken-am-flughafen.de\/news\/guenstig-parken-am-flughafen-stuttgart-wer-im-voraus-reserviert-spart\/","title":{"rendered":"G\u00fcnstig parken am Flughafen Stuttgart &#8211; Wer im Voraus reserviert, spart!"},"content":{"rendered":"<p>Wer 28 Tage im Voraus seinen Parkplatz reserviert, kann bis zu 40% sparen. Bereits ab 29.- EUR pro Woche k\u00f6nnen Sie am Flughafen Stuttgart parken &#8211; und das Beste &#8211; den 8. Tag gibt\u00b4s gratis!<\/p>\n<p><strong>Parkhaus-Special:<\/strong> Ganzj\u00e4hrig g\u00fcnstig f\u00fcr 39,- Euro \/ Woche + den 8. Tag gratis. Vorbuchungsfrist 28 Tage, Parkdauer 5 bis 7 Tage.<\/p>\n<p><strong>Business-Special:<\/strong> 3 bis 7 Tage im Parkhaus zum Preis von 49,- Euro. Vorbuchungsfrist 3 Tage.<\/p>\n<p>Alle Sonderangebote und Specials gelten solange Fr\u00fchbucher-Kapazit\u00e4ten vorhanden sind.<\/p>\n","protected":false},"excerpt":{"rendered":"<p>29 Euro g\u00fcnstig und billig parken am Flughafen Stuttgart &#8211; Winter Special:<\/p>\n","protected":false},"author":0,"featured_media":0,"comment_status":"closed","ping_status":"closed","sticky":false,"template":"","format":"standard","meta":{"footnotes":""},"categories":[1],"tags":[],"airport":[12],"class_list":["post-143","post","type-post","status-publish","format-standard","hentry","category-allgemein","airport-stuttgart"],"_links":{"self":[{"href":"https:\/\/www.einfach-parken-am-flughafen.de\/news\/wp-json\/wp\/v2\/posts\/143","targetHints":{"allow":["GET"]}}],"collection":[{"href":"https:\/\/www.einfach-parken-am-flughafen.de\/news\/wp-json\/wp\/v2\/posts"}],"about":[{"href":"https:\/\/www.einfach-parken-am-flughafen.de\/news\/wp-json\/wp\/v2\/types\/post"}],"replies":[{"embeddable":true,"href":"https:\/\/www.einfach-parken-am-flughafen.de\/news\/wp-json\/wp\/v2\/comments?post=143"}],"version-history":[{"count":0,"href":"https:\/\/www.einfach-parken-am-flughafen.de\/news\/wp-json\/wp\/v2\/posts\/143\/revisions"}],"wp:attachment":[{"href":"https:\/\/www.einfach-parken-am-flughafen.de\/news\/wp-json\/wp\/v2\/media?parent=143"}],"wp:term":[{"taxonomy":"category","embeddable":true,"href":"https:\/\/www.einfach-parken-am-flughafen.de\/news\/wp-json\/wp\/v2\/categories?post=143"},{"taxonomy":"post_tag","embeddable":true,"href":"https:\/\/www.einfach-parken-am-flughafen.de\/news\/wp-json\/wp\/v2\/tags?post=143"},{"taxonomy":"airport","embeddable":true,"href":"https:\/\/www.einfach-parken-am-flughafen.de\/news\/wp-json\/wp\/v2\/airport?post=143"}],"curies":[{"name":"wp","href":"https:\/\/api.w.org\/{rel}","templated":true}]}}