{"id":148,"date":"2010-01-21T00:00:00","date_gmt":"2010-01-20T23:00:00","guid":{"rendered":"http:\/\/e-paf.local\/news\/2010\/01\/21\/airport-nuernberg-verkehrsbilanz-2009-attraktive-neue-ziele-fuer-den-sommer-2010\/"},"modified":"2010-01-21T00:00:00","modified_gmt":"2010-01-20T23:00:00","slug":"airport-nuernberg-verkehrsbilanz-2009-attraktive-neue-ziele-fuer-den-sommer-2010","status":"publish","type":"post","link":"https:\/\/www.einfach-parken-am-flughafen.de\/news\/airport-nuernberg-verkehrsbilanz-2009-attraktive-neue-ziele-fuer-den-sommer-2010\/","title":{"rendered":"Airport N\u00fcrnberg &#8211; Verkehrsbilanz 2009 &#8211; Attraktive neue Ziele f\u00fcr den Sommer 2010"},"content":{"rendered":"<p>F\u00fcr das neue Jahr 2010 deutet sich eine Erholung des Marktes an. Der Sommerflugplan wartet Dank der starken Partnerschaft mit Air Berlin mit attraktiven neuen Nonstop-Zielen auf: darunter die griechischen Destinationen Araxos und Kalamata sowie Heringsdorf auf der Ostseeinsel Usedom. Das italienische Top-Ziel Rom ist auch in diesem Sommer wieder im Angebot, au\u00dferdem Mailand mit idealen Tagesrandverbindungen f\u00fcr Gesch\u00e4ftsreisende und Messeg\u00e4ste. <\/p>\n<p>Zus\u00e4tzlich sind Sommerspecials f\u00fcr die Hochsaison mit weiteren reizvollen Direktverbindungen geplant: Venedig und Nizza werden von Air Berlin zwischen Juli und September zweimal pro Woche angeflogen.<br \/>\nAu\u00dferdem gibt es saisonal erweiterte Angebote nach Split. <\/p>\n<p>Istanbul, eine der diesj\u00e4hrigen Europ\u00e4ischen Kulturhauptst\u00e4dte, wird t\u00e4glich mit Turkish Airlines und zweimal w\u00f6chentlich mit SunExpress angeflogen. <\/p>\n<p>Im innerdeutschen Streckennetz von Lufthansa und Air Berlin schaffen h\u00f6here Sitzplatzkapazit\u00e4ten nach Berlin, D\u00fcsseldorf und Hamburg eine noch gr\u00f6\u00dfere Flexibilit\u00e4t f\u00fcr Business- und Privatreisende bereits zu sehr g\u00fcnstigen Einstiegstarifen.<\/p>\n","protected":false},"excerpt":{"rendered":"<p>Venedig und Nizza geh\u00f6ren zu den Highlights der Sommerziele, die vom Airport N\u00fcrnberg aus direkt angeflogen werden. F\u00fcr Gesch\u00e4ftsreisende bietet der neue Flugplan (gilt ab 28. M\u00e4rz 2010) einen erheblichen Kapazit\u00e4tszuwachs im innerdeutschen Streckennetz. \u201eDamit sind wir gut aufgestellt, um nach der Krise, die alle nationalen und internationalen Bereiche der Wirtschaft getroffen hat, in diesem Jahr wieder an unseren Wachstumskurs anzuschlie\u00dfen\u201c, so Gesch\u00e4ftsf\u00fchrer Karl-Heinz Kr\u00fcger.<br \/>\n2009 war das Passagieraufkommen um 7,1 Prozent auf 3,970 Millionen Flugg\u00e4ste gesunken (Vorjahr: 4,274 Millionen).<\/p>\n","protected":false},"author":0,"featured_media":0,"comment_status":"closed","ping_status":"closed","sticky":false,"template":"","format":"standard","meta":{"footnotes":""},"categories":[1],"tags":[],"airport":[17],"class_list":["post-148","post","type-post","status-publish","format-standard","hentry","category-allgemein","airport-muenster-osnabrueck"],"_links":{"self":[{"href":"https:\/\/www.einfach-parken-am-flughafen.de\/news\/wp-json\/wp\/v2\/posts\/148","targetHints":{"allow":["GET"]}}],"collection":[{"href":"https:\/\/www.einfach-parken-am-flughafen.de\/news\/wp-json\/wp\/v2\/posts"}],"about":[{"href":"https:\/\/www.einfach-parken-am-flughafen.de\/news\/wp-json\/wp\/v2\/types\/post"}],"replies":[{"embeddable":true,"href":"https:\/\/www.einfach-parken-am-flughafen.de\/news\/wp-json\/wp\/v2\/comments?post=148"}],"version-history":[{"count":0,"href":"https:\/\/www.einfach-parken-am-flughafen.de\/news\/wp-json\/wp\/v2\/posts\/148\/revisions"}],"wp:attachment":[{"href":"https:\/\/www.einfach-parken-am-flughafen.de\/news\/wp-json\/wp\/v2\/media?parent=148"}],"wp:term":[{"taxonomy":"category","embeddable":true,"href":"https:\/\/www.einfach-parken-am-flughafen.de\/news\/wp-json\/wp\/v2\/categories?post=148"},{"taxonomy":"post_tag","embeddable":true,"href":"https:\/\/www.einfach-parken-am-flughafen.de\/news\/wp-json\/wp\/v2\/tags?post=148"},{"taxonomy":"airport","embeddable":true,"href":"https:\/\/www.einfach-parken-am-flughafen.de\/news\/wp-json\/wp\/v2\/airport?post=148"}],"curies":[{"name":"wp","href":"https:\/\/api.w.org\/{rel}","templated":true}]}}