{"id":152,"date":"2010-02-05T00:00:00","date_gmt":"2010-02-04T23:00:00","guid":{"rendered":"http:\/\/e-paf.local\/news\/2010\/02\/05\/wizz-air-expandiert-am-airport-weeze\/"},"modified":"2010-02-05T00:00:00","modified_gmt":"2010-02-04T23:00:00","slug":"wizz-air-expandiert-am-airport-weeze","status":"publish","type":"post","link":"https:\/\/www.einfach-parken-am-flughafen.de\/news\/wizz-air-expandiert-am-airport-weeze\/","title":{"rendered":"Wizz Air expandiert am Airport Weeze"},"content":{"rendered":"<p>Ab dem 26. Juni fliegt Wizz Air zweimal w\u00f6chentlich in die rum\u00e4nische Hauptstadt Bukarest und ebenfalls zweimal w\u00f6chentlich in die drittgr\u00f6\u00dfte Stadt Rum\u00e4niens Cluj in Siebenb\u00fcrgen.<br \/>\nMit der ungarischen Metropole Budapest, die seit dem Sommer 2009 angeflogen wird und der im Juni beginnenden Verbindung nach Kattowitz in Polen bedient die gr\u00f6\u00dfte LowCost \u2013 Airline Mittel \u2013 und Osteuropas im Sommer bereits vier Flugziele ab Weeze. Die Fl\u00fcge nach Cluj werden jeweils am Montag und Freitag angeflogen, nach Bukarest geht\u2019s jeweils am Dienstag und Samstag. Alle Flugverbindungen sind ab sofort buchbar unter wizzair.com<\/p>\n<p>Flughafenchef Ludger van Bebber sagte: \u201e Wir freuen uns, dass auch unser Airlinepartner Wizz Air in Weeze so erfolgreich ist und sein Flugprogramm bereits nach einem halben Jahr verdoppelt hat.\u201c <\/p>\n","protected":false},"excerpt":{"rendered":"<p>Die Low Cost Airline Wizz Air hat heute weitere Linienverbindungen ab Weeze angek\u00fcndigt.<\/p>\n","protected":false},"author":0,"featured_media":153,"comment_status":"closed","ping_status":"closed","sticky":false,"template":"","format":"standard","meta":{"footnotes":""},"categories":[1],"tags":[],"airport":[15],"class_list":["post-152","post","type-post","status-publish","format-standard","has-post-thumbnail","hentry","category-allgemein","airport-weeze-duesseldorf"],"_links":{"self":[{"href":"https:\/\/www.einfach-parken-am-flughafen.de\/news\/wp-json\/wp\/v2\/posts\/152","targetHints":{"allow":["GET"]}}],"collection":[{"href":"https:\/\/www.einfach-parken-am-flughafen.de\/news\/wp-json\/wp\/v2\/posts"}],"about":[{"href":"https:\/\/www.einfach-parken-am-flughafen.de\/news\/wp-json\/wp\/v2\/types\/post"}],"replies":[{"embeddable":true,"href":"https:\/\/www.einfach-parken-am-flughafen.de\/news\/wp-json\/wp\/v2\/comments?post=152"}],"version-history":[{"count":0,"href":"https:\/\/www.einfach-parken-am-flughafen.de\/news\/wp-json\/wp\/v2\/posts\/152\/revisions"}],"wp:featuredmedia":[{"embeddable":true,"href":"https:\/\/www.einfach-parken-am-flughafen.de\/news\/wp-json\/wp\/v2\/media\/153"}],"wp:attachment":[{"href":"https:\/\/www.einfach-parken-am-flughafen.de\/news\/wp-json\/wp\/v2\/media?parent=152"}],"wp:term":[{"taxonomy":"category","embeddable":true,"href":"https:\/\/www.einfach-parken-am-flughafen.de\/news\/wp-json\/wp\/v2\/categories?post=152"},{"taxonomy":"post_tag","embeddable":true,"href":"https:\/\/www.einfach-parken-am-flughafen.de\/news\/wp-json\/wp\/v2\/tags?post=152"},{"taxonomy":"airport","embeddable":true,"href":"https:\/\/www.einfach-parken-am-flughafen.de\/news\/wp-json\/wp\/v2\/airport?post=152"}],"curies":[{"name":"wp","href":"https:\/\/api.w.org\/{rel}","templated":true}]}}