{"id":155,"date":"2010-02-09T00:00:00","date_gmt":"2010-02-08T23:00:00","guid":{"rendered":"http:\/\/e-paf.local\/news\/2010\/02\/09\/muenchen-flugzeuge-bleiben-wegen-warnstreiks-am-boden\/"},"modified":"2010-02-09T00:00:00","modified_gmt":"2010-02-08T23:00:00","slug":"muenchen-flugzeuge-bleiben-wegen-warnstreiks-am-boden","status":"publish","type":"post","link":"https:\/\/www.einfach-parken-am-flughafen.de\/news\/muenchen-flugzeuge-bleiben-wegen-warnstreiks-am-boden\/","title":{"rendered":"M\u00fcnchen: Flugzeuge bleiben wegen Warnstreiks am Boden"},"content":{"rendered":"<p>Ein Sprecher des Flugahfen M\u00fcnchen teilte mit, dass ca. 120 Mitarbeiter der Flugzeug-Abfertigung der Flughafen M\u00fcnchen GmbH mit Beginn der<br \/>\nFr\u00fchschicht um 3.30 Uhr die Arbeit niederlegten. Bis 6 Uhr wurden daher f\u00fcnf<br \/>\nFl\u00fcge von M\u00fcnchen aus annulliert.<\/p>\n<p>&nbsp;<\/p>\n<p><p><strong>Die Mitarbeiter wurden von Verdi bis 12:00 Uhr zum Streik aufgerufen. Es ist bis dahin mit erheblichen Einschr\u00e4nkungen zu rechnen. <\/strong><\/p>\n<\/p>\n<p><p>&nbsp;<\/p>\n<\/p>\n<p>Ist Ihr Flug versp\u00e4tet oder gestrichen? <a href=\"http:\/\/www.munich-airport.de\/de\/consumer\/index.jsp\" title=\"\">Direkte Info hier<\/a><\/p>\n<p>\n<p>&nbsp;&nbsp;<\/p><\/p>\n","protected":false},"excerpt":{"rendered":"<p>Wegen Warnstreiks im \u00f6ffentlichen Dienst haben Flugzeuge am Flughafen M\u00fcnchen am Dienstagmorgen nicht abheben k\u00f6nnen.<\/p>\n","protected":false},"author":0,"featured_media":0,"comment_status":"closed","ping_status":"closed","sticky":false,"template":"","format":"standard","meta":{"footnotes":""},"categories":[1],"tags":[],"airport":[3],"class_list":["post-155","post","type-post","status-publish","format-standard","hentry","category-allgemein","airport-muenchen"],"_links":{"self":[{"href":"https:\/\/www.einfach-parken-am-flughafen.de\/news\/wp-json\/wp\/v2\/posts\/155","targetHints":{"allow":["GET"]}}],"collection":[{"href":"https:\/\/www.einfach-parken-am-flughafen.de\/news\/wp-json\/wp\/v2\/posts"}],"about":[{"href":"https:\/\/www.einfach-parken-am-flughafen.de\/news\/wp-json\/wp\/v2\/types\/post"}],"replies":[{"embeddable":true,"href":"https:\/\/www.einfach-parken-am-flughafen.de\/news\/wp-json\/wp\/v2\/comments?post=155"}],"version-history":[{"count":0,"href":"https:\/\/www.einfach-parken-am-flughafen.de\/news\/wp-json\/wp\/v2\/posts\/155\/revisions"}],"wp:attachment":[{"href":"https:\/\/www.einfach-parken-am-flughafen.de\/news\/wp-json\/wp\/v2\/media?parent=155"}],"wp:term":[{"taxonomy":"category","embeddable":true,"href":"https:\/\/www.einfach-parken-am-flughafen.de\/news\/wp-json\/wp\/v2\/categories?post=155"},{"taxonomy":"post_tag","embeddable":true,"href":"https:\/\/www.einfach-parken-am-flughafen.de\/news\/wp-json\/wp\/v2\/tags?post=155"},{"taxonomy":"airport","embeddable":true,"href":"https:\/\/www.einfach-parken-am-flughafen.de\/news\/wp-json\/wp\/v2\/airport?post=155"}],"curies":[{"name":"wp","href":"https:\/\/api.w.org\/{rel}","templated":true}]}}