{"id":157,"date":"2010-03-02T00:00:00","date_gmt":"2010-03-01T23:00:00","guid":{"rendered":"http:\/\/e-paf.local\/news\/2010\/03\/02\/werder-bremen-gegen-fc-augsburg-mit-ryanair-zum-dfb-pokal-halbfinale\/"},"modified":"2010-03-02T00:00:00","modified_gmt":"2010-03-01T23:00:00","slug":"werder-bremen-gegen-fc-augsburg-mit-ryanair-zum-dfb-pokal-halbfinale","status":"publish","type":"post","link":"https:\/\/www.einfach-parken-am-flughafen.de\/news\/werder-bremen-gegen-fc-augsburg-mit-ryanair-zum-dfb-pokal-halbfinale\/","title":{"rendered":"Werder Bremen gegen FC Augsburg:  Mit Ryanair zum DFB-Pokal-Halbfinale"},"content":{"rendered":"<p>Das Angebot der Iren richtet sich an FC Augsburg-Fans und Werderaner in Bayern gleicherma\u00dfen, die ihre Mannschaften vor Ort unterst\u00fctzen wollen. Ab dem Flughafen Memmingen (M\u00fcnchen West) heben sie am Montag, 22. M\u00e4rz um 20.30 Uhr nach Bremen ab \u2013 Ankunft 21.50 Uhr. Ein positiver Nebeneffekt: Die Fans haben dienstags bis zum Anpfiff gen\u00fcgend Zeit, Bremen zu erkunden. Alternativ starten zwei Fl\u00fcge Dienstagvormittag um 8.20 Uhr und 9.20 Uhr von Memmingen nach Bremen, so dass ebenfalls noch reichlich Zeit f\u00fcr eigene Erkundungen besteht.&nbsp;&nbsp; &nbsp;<br \/>\nZur\u00fcck nach Hause geht es f\u00fcr die Fu\u00dfball-Freunde beispielsweise am darauffolgenden Mittwochmorgen um 6.30 Uhr mit Ankunft am Allg\u00e4u-Airport um 7.55 Uhr \u2013 also noch vor Arbeitsbeginn. Alles was Fans noch brauchen, sind zwei Urlaubstage und ein Ryanair-Ticket. Wer die innerdeutsche Verbindung der Iren \u00fcber <a href=\"\/\/www.ryanair.de\" title=\"\" target=\"_blank\" rel=\"noopener noreferrer\">www.ryanair.de<\/a> bucht, kann sich \u00fcber einen Sondertarif* ab 77,50 Euro f\u00fcr den einfachen Flug freuen. <br \/>\nDer Zweitligist FC Augsburg hat in dieser Saison seine spielerischen Qualit\u00e4ten unter Beweis gestellt und hat gute Chancen, in die erste Bundesliga aufzusteigen. Der irische Carrier nimmt dies zum Anlass und unterst\u00fctzt die Fans der ambitionierten Mannschaft von Trainer Jos Luhukay auf ihrem Weg in die K\u00f6nigsklasse des deutschen Fu\u00dfballs. Die Bremer treten zwar in dieser Saison im Pokalspiel zum Heimspiel an,&nbsp; dennoch sollten die Erstligisten die Augsburger nicht untersch\u00e4tzen. Sie belegen momentan den dritten Rang der zweiten Liga und bilden mit dem geb\u00fcrtigen Frankfurter Michael Thurk (20 Saisontore) einen der st\u00e4rksten Angriffe. <\/p>\n<p>&nbsp;<\/p>\n<p>*inklusive der passagierbezogenen Steuern und Geb\u00fchren, je nach individueller Buchung k\u00f6nnen zus\u00e4tzliche Kosten f\u00fcr Extra-Services wie Gep\u00e4ckaufgabe oder bevorzugtes Einsteigen anfallen <\/p>\n","protected":false},"excerpt":{"rendered":"<p>Am 23. M\u00e4rz 2010 kommt es in Bremen zum Halbfinalduell der beiden Teams von SV Werder Bremen und dem FC Augsburg im Bremer Weserstadion. Ryanair, die weltweit beliebteste Fluggesellschaft, l\u00e4sst die Herzen der Fu\u00dfball-Fans h\u00f6her schlagen und bringt sie zu g\u00fcnstigen Tarifen in die Hansestadt, um das Spiel live zu erleben \u2013 daf\u00fcr setzt der irische Carrier sogar einen Zusatzflug ab dem Allg\u00e4u-Airport ein. <\/p>\n","protected":false},"author":0,"featured_media":0,"comment_status":"closed","ping_status":"closed","sticky":false,"template":"","format":"standard","meta":{"footnotes":""},"categories":[1],"tags":[],"airport":[10],"class_list":["post-157","post","type-post","status-publish","format-standard","hentry","category-allgemein","airport-memmingen"],"_links":{"self":[{"href":"https:\/\/www.einfach-parken-am-flughafen.de\/news\/wp-json\/wp\/v2\/posts\/157","targetHints":{"allow":["GET"]}}],"collection":[{"href":"https:\/\/www.einfach-parken-am-flughafen.de\/news\/wp-json\/wp\/v2\/posts"}],"about":[{"href":"https:\/\/www.einfach-parken-am-flughafen.de\/news\/wp-json\/wp\/v2\/types\/post"}],"replies":[{"embeddable":true,"href":"https:\/\/www.einfach-parken-am-flughafen.de\/news\/wp-json\/wp\/v2\/comments?post=157"}],"version-history":[{"count":0,"href":"https:\/\/www.einfach-parken-am-flughafen.de\/news\/wp-json\/wp\/v2\/posts\/157\/revisions"}],"wp:attachment":[{"href":"https:\/\/www.einfach-parken-am-flughafen.de\/news\/wp-json\/wp\/v2\/media?parent=157"}],"wp:term":[{"taxonomy":"category","embeddable":true,"href":"https:\/\/www.einfach-parken-am-flughafen.de\/news\/wp-json\/wp\/v2\/categories?post=157"},{"taxonomy":"post_tag","embeddable":true,"href":"https:\/\/www.einfach-parken-am-flughafen.de\/news\/wp-json\/wp\/v2\/tags?post=157"},{"taxonomy":"airport","embeddable":true,"href":"https:\/\/www.einfach-parken-am-flughafen.de\/news\/wp-json\/wp\/v2\/airport?post=157"}],"curies":[{"name":"wp","href":"https:\/\/api.w.org\/{rel}","templated":true}]}}