{"id":166,"date":"2010-04-16T00:00:00","date_gmt":"2010-04-15T22:00:00","guid":{"rendered":"http:\/\/e-paf.local\/news\/2010\/04\/16\/auch-der-verkehr-am-flughafen-muenchen-ist-vom-vulkanausbruch-beeintraechtigt\/"},"modified":"2010-04-16T00:00:00","modified_gmt":"2010-04-15T22:00:00","slug":"auch-der-verkehr-am-flughafen-muenchen-ist-vom-vulkanausbruch-beeintraechtigt","status":"publish","type":"post","link":"https:\/\/www.einfach-parken-am-flughafen.de\/news\/auch-der-verkehr-am-flughafen-muenchen-ist-vom-vulkanausbruch-beeintraechtigt\/","title":{"rendered":"Auch der Verkehr am Flughafen M\u00fcnchen ist vom Vulkanausbruch beeintr\u00e4chtigt"},"content":{"rendered":"<p><strong><a href=\"\/news\/detail_status_update_flugbetrieb_ruht_voraussichtlich_ab_2000_uhr_auch_am_muenchner_airport-2010-04-16_192.html\" title=\"\">Status Update f\u00fcr Flughafen M\u00fcnchen beachten<\/a><\/strong> <\/p>\n<p>&nbsp;<\/p>\n<p>Durch den Vulkanausbruch auf Island ist auch der Flugverkehr am M\u00fcnchner Airport beeintr\u00e4chtigt. Wegen der Aschewolke, die von Island Richtung S\u00fcdosten zieht, mussten heute bereits rund 360 Fl\u00fcge annulliert werden. Betroffen sind am M\u00fcnchner Flughafen vor allem Fl\u00fcge von und nach Skandinavien, Gro\u00dfbritannien und Frankreich sowie zahlreiche innerdeutsche Verbindungen. Im Laufe des Nachmittags bzw. des Abends wird die Aschewolke auch im Raum M\u00fcnchen erwartet. Ob der Luftraum \u00fcber M\u00fcnchen ebenfalls gesperrt werden muss, steht noch nicht fest.<br \/>\nPassagieren wird empfohlen, sich vor ihrer Reise \u00fcber den Status ihres Fluges zu informieren. M\u00f6glich ist das bei den Fluggesellschaften, im Internet unter <a href=\"\/obl.php?epradr=www.munich-airport.de\" title=\"\">www.munich-airport.de<\/a> und im im Videotext des Bayerischen Fernsehens auf den Seiten 710 bis 723.<\/p>\n","protected":false},"excerpt":{"rendered":"<p>Passagiere sollen sich vor ihrer Reise \u00fcber ihren Flug informieren<\/p>\n","protected":false},"author":0,"featured_media":0,"comment_status":"closed","ping_status":"closed","sticky":false,"template":"","format":"standard","meta":{"footnotes":""},"categories":[1],"tags":[],"airport":[3],"class_list":["post-166","post","type-post","status-publish","format-standard","hentry","category-allgemein","airport-muenchen"],"_links":{"self":[{"href":"https:\/\/www.einfach-parken-am-flughafen.de\/news\/wp-json\/wp\/v2\/posts\/166","targetHints":{"allow":["GET"]}}],"collection":[{"href":"https:\/\/www.einfach-parken-am-flughafen.de\/news\/wp-json\/wp\/v2\/posts"}],"about":[{"href":"https:\/\/www.einfach-parken-am-flughafen.de\/news\/wp-json\/wp\/v2\/types\/post"}],"replies":[{"embeddable":true,"href":"https:\/\/www.einfach-parken-am-flughafen.de\/news\/wp-json\/wp\/v2\/comments?post=166"}],"version-history":[{"count":0,"href":"https:\/\/www.einfach-parken-am-flughafen.de\/news\/wp-json\/wp\/v2\/posts\/166\/revisions"}],"wp:attachment":[{"href":"https:\/\/www.einfach-parken-am-flughafen.de\/news\/wp-json\/wp\/v2\/media?parent=166"}],"wp:term":[{"taxonomy":"category","embeddable":true,"href":"https:\/\/www.einfach-parken-am-flughafen.de\/news\/wp-json\/wp\/v2\/categories?post=166"},{"taxonomy":"post_tag","embeddable":true,"href":"https:\/\/www.einfach-parken-am-flughafen.de\/news\/wp-json\/wp\/v2\/tags?post=166"},{"taxonomy":"airport","embeddable":true,"href":"https:\/\/www.einfach-parken-am-flughafen.de\/news\/wp-json\/wp\/v2\/airport?post=166"}],"curies":[{"name":"wp","href":"https:\/\/api.w.org\/{rel}","templated":true}]}}