{"id":180,"date":"2010-10-18T00:00:00","date_gmt":"2010-10-17T22:00:00","guid":{"rendered":"http:\/\/e-paf.local\/news\/2010\/10\/18\/ab-sommer-2011-startet-airberlin-am-airport-weeze\/"},"modified":"2010-10-18T00:00:00","modified_gmt":"2010-10-17T22:00:00","slug":"ab-sommer-2011-startet-airberlin-am-airport-weeze","status":"publish","type":"post","link":"https:\/\/www.einfach-parken-am-flughafen.de\/news\/ab-sommer-2011-startet-airberlin-am-airport-weeze\/","title":{"rendered":"Ab Sommer 2011 startet airberlin am Airport Weeze"},"content":{"rendered":"<p>Mit Beginn der NRW \u2013 Osterferien wird die airberlin im kommenden Sommer den <strong>Airport Weeze<\/strong> jeweils dienstags, donnerstags und sonntags mit Palma verbinden.<br \/>\nairberlin fliegt auf der Palma &#8211; Route vornehmlich Pauschalreiseg\u00e4ste des Reiseveranstalters alltours und weiterer namhafter deutscher und niederl\u00e4ndischer Touristikanbieter. <br \/>\nDie Verbindungen nach <strong>Mallorca <\/strong>und zu vielen weiteren Zielen \u00fcber das airberlin \u2013 Drehkreuz Palma sind aber auch als Linienfl\u00fcge buchbar. Tickets gibt\u2019s im Reiseb\u00fcro oder unter <a href=\"\/\/www.airberlin.com\" title=\"\" target=\"_blank\" rel=\"noopener noreferrer\">www.airberlin.com<\/a>. <br \/>\n&nbsp;<br \/>\nFlughafenchef Ludger van Bebber sagte: &quot;Das wir in der kommenden Sommersaison die beliebte airberlin in Weeze begr\u00fc\u00dfen k\u00f6nnen, ist eine sehr gute Nachricht f\u00fcr unsere deutschen und niederl\u00e4ndischen Kunden.&quot;<\/p>\n","protected":false},"excerpt":{"rendered":"<p>In der Sommersaison 2011 wird die zweitgr\u00f6\u00dfte deutsche Fluggesellschaft airberlin am Airport Weeze erstmals Fl\u00fcge nach Mallorca anbieten.<\/p>\n","protected":false},"author":0,"featured_media":0,"comment_status":"closed","ping_status":"closed","sticky":false,"template":"","format":"standard","meta":{"footnotes":""},"categories":[1],"tags":[],"airport":[15],"class_list":["post-180","post","type-post","status-publish","format-standard","hentry","category-allgemein","airport-weeze-duesseldorf"],"_links":{"self":[{"href":"https:\/\/www.einfach-parken-am-flughafen.de\/news\/wp-json\/wp\/v2\/posts\/180","targetHints":{"allow":["GET"]}}],"collection":[{"href":"https:\/\/www.einfach-parken-am-flughafen.de\/news\/wp-json\/wp\/v2\/posts"}],"about":[{"href":"https:\/\/www.einfach-parken-am-flughafen.de\/news\/wp-json\/wp\/v2\/types\/post"}],"replies":[{"embeddable":true,"href":"https:\/\/www.einfach-parken-am-flughafen.de\/news\/wp-json\/wp\/v2\/comments?post=180"}],"version-history":[{"count":0,"href":"https:\/\/www.einfach-parken-am-flughafen.de\/news\/wp-json\/wp\/v2\/posts\/180\/revisions"}],"wp:attachment":[{"href":"https:\/\/www.einfach-parken-am-flughafen.de\/news\/wp-json\/wp\/v2\/media?parent=180"}],"wp:term":[{"taxonomy":"category","embeddable":true,"href":"https:\/\/www.einfach-parken-am-flughafen.de\/news\/wp-json\/wp\/v2\/categories?post=180"},{"taxonomy":"post_tag","embeddable":true,"href":"https:\/\/www.einfach-parken-am-flughafen.de\/news\/wp-json\/wp\/v2\/tags?post=180"},{"taxonomy":"airport","embeddable":true,"href":"https:\/\/www.einfach-parken-am-flughafen.de\/news\/wp-json\/wp\/v2\/airport?post=180"}],"curies":[{"name":"wp","href":"https:\/\/api.w.org\/{rel}","templated":true}]}}